{"id":71757,"date":"2014-05-15T07:50:10","date_gmt":"2014-05-15T12:50:10","guid":{"rendered":"https:\/\/inalj.com\/?p=71757"},"modified":"2019-01-01T19:26:25","modified_gmt":"2019-01-02T01:26:25","slug":"welcome-my-assistants-natalie-bissonnette-and-josiane-doucet-alarie","status":"publish","type":"post","link":"https:\/\/inalj.com\/?p=71757","title":{"rendered":"Meet Josiane Doucet-Alarie"},"content":{"rendered":"<h2 style=\"text-align: center;\"><span style=\"background-color: #fcfc29;\">This interview is over 1 year old and may no longer be up to date or reflect the interviewee\/interviewees&#8217; positions<\/span><\/h2>\n<div dir=\"ltr\" style=\"color: #222222;\">\n<p><em style=\"color: #444444;\">By Elena Bubelich, Head Editor,\u00a0<a style=\"color: #2900e2;\" href=\"https:\/\/inalj.com\/?page_id=5945\" target=\"_blank\" rel=\"noopener\">INALJ Quebec<\/a>\u00a0<\/em><\/p>\n<h3 style=\"text-align: center;\"><span style=\"text-decoration: underline;\"><span style=\"color: black; text-decoration: underline;\">Meet Josiane Doucet-Alarie<\/span><\/span><\/h3>\n<p><span style=\"color: black;\">In this blog post I\u2019d like to introduce my assistant who has helped me to find job offers since November 2013. That month the page of <a title=\"INALJ Quebec\" href=\"https:\/\/inalj.com\/?page_id=5945\" target=\"_blank\" rel=\"noopener\">INALJ Quebec<\/a> became second by popularity among Canadians pages (and it\u2019s still second!). So I asked for help <em><strong>Josiane Doucet-Alarie<\/strong><\/em>, a graduate of my library school and a prof in her fields, came forward and have helped me since then. I know that her name appeasr only once on the page, so I decided to make her the hero of my blog post. Thank you, Josiane!<\/span><\/p>\n<p><span style=\"color: black;\"><a href=\"https:\/\/inalj.com\/wp-content\/uploads\/2014\/05\/Josiane-2.jpg\"><img loading=\"lazy\" decoding=\"async\" class=\"alignleft size-thumbnail wp-image-71941\" src=\"https:\/\/inalj.com\/wp-content\/uploads\/2014\/05\/Josiane-2-150x150.jpg\" alt=\"Josiane 2\" width=\"150\" height=\"150\" \/><\/a>Josiane also accepted to be interviewed and to share her experience of job hunting.<\/span><\/p>\n<p><b><span style=\"color: black;\">Elena.<\/span><\/b><span style=\"color: black;\">\u00a0I know your biography is an eventful one. \u00a0Please, share your experience and background in few words.<\/span><br \/>\n<b><span style=\"color: black;\">Josiane.<\/span><\/b><span style=\"color: black;\">\u00a0My education is pretty straight forward (on paper). I got my Bachelor&#8217;s Degree in History from the Universit\u00e9 du Qu\u00e9bec \u00e0 Montr\u00e9al and my Master&#8217;s Degree in Information Studies from the Universit\u00e9 de Montr\u00e9al. I also studied languages, geography and demography.<br \/>\nMy work experience is more scattered; from medical archives clerk to webmaster, also including a job as an Alternative Format Production Technician for people with different levels of Visual Impairments. I currently work as a Technical Services Librarian.<br \/>\nI find that as a librarian, it&#8217;s a bonus to have a variety of experiences and knowledge from a lot of different fields.<\/span><\/p>\n<p><b><span style=\"color: black;\">Elena.\u00a0<\/span><\/b><span style=\"color: black;\">How did you find your first library job?<\/span><br \/>\n<b><span style=\"color: black;\">Josiane.\u00a0<\/span><\/b><span style=\"color: black;\">I found my first library job on the\u00a0<\/span><span lang=\"FR-CA\"><a style=\"color: #1155cc;\" href=\"http:\/\/diplomes.ebsi.umontreal.ca\/emplois\/\" target=\"_blank\" rel=\"noopener\"><span lang=\"EN-CA\">job postings webpage<\/span><\/a><\/span><span style=\"color: black;\">\u00a0of the Information Studies department of my university.<\/span><\/p>\n<p><b><span style=\"color: black;\">Elena.\u00a0<\/span><\/b><span style=\"color: black;\">Do you remember your first interview for a library position? Was it difficult\/successful\/useful? Do <img loading=\"lazy\" decoding=\"async\" class=\"alignright wp-image-31054 size-thumbnail\" src=\"https:\/\/inalj.com\/wp-content\/uploads\/2013\/01\/ElenaBubelich-150x150.jpg\" alt=\"ElenaBubelich\" width=\"150\" height=\"150\" \/>you remember particular questions that were uncommon\/funny\/strange?<\/span><br \/>\n<b><span style=\"color: black;\">Josiane.\u00a0<\/span><\/b><span style=\"color: black;\">My first interview was 1000 km from my home and it was done by phone, which was great because some other employers have insisted that I had to be there in person, even when the interview was taking place farther than a 1000 km from my home.<\/span><\/p>\n<p><span style=\"color: black;\"><br \/>\nI remember one question that caught me off guard. It&#8217;s not that it was that difficult, it was just very theoretical and as I had no experience in a library (except for my internship), I had to quickly remember what I had learned in school. The question was: describe all the steps in the processing of a book.\u00a0\u00a0I guess I didn&#8217;t do too badly with my answer, because I got the job!<\/span><\/p>\n<p><b><span style=\"color: black;\">Elena.\u00a0<\/span><\/b><span style=\"color: black;\">Do you remember your first day or week at your first library position? What major challenge did you face?<\/span><br \/>\n<b><span style=\"color: black;\">Josiane.<\/span><\/b><span style=\"color: black;\">\u00a0What I have found the most difficult in my first library job was to learn to be a librarian and a manager at the same time. During the first few weeks, I felt lost in both roles. Sure, I interned at a library for two months, and I took management courses in school, but putting the two together was tough. That being said, what I find fascinating in our field (and also challenging at times) is how much you can completely change universes when you change jobs. You&#8217;re still a librarian but your job can be completely different from one place to another. I love it.<\/span><\/p>\n<p><b><span style=\"color: black;\">Elena.\u00a0<\/span><\/b><span style=\"color: black;\">What could you advise students who start the program of library science master\u2019s degree?<\/span><br \/>\n<span style=\"color: black;\"><b>Josiane.<\/b>\u00a0During my last semester, a new professional librarian told me that I should take all the\u00a0<\/span><span style=\"color: black;\">management courses available in my program. Unfortunately, it was a great advice that came too late for me, but this is a great opportunity to pass it along to others.<\/span><\/p>\n<\/div>\n<p>&nbsp;<\/p>\n","protected":false},"excerpt":{"rendered":"<p>This interview is over 1 year old and may no longer be up to date or reflect the interviewee\/interviewees&#8217; positions By Elena Bubelich, Head Editor,\u00a0INALJ Quebec\u00a0 Meet Josiane Doucet-Alarie In this blog post I\u2019d like to introduce my assistant who has helped me to find job offers since November 2013. That month the page of&hellip;<\/p>\n<p class=\"more-link-p\"><a class=\"more-link\" href=\"https:\/\/inalj.com\/?p=71757\">Read more \u2192<\/a><\/p>\n","protected":false},"author":9,"featured_media":71943,"comment_status":"open","ping_status":"open","sticky":false,"template":"","format":"standard","meta":{"_jetpack_newsletter_access":"","_jetpack_dont_email_post_to_subs":false,"_jetpack_newsletter_tier_id":0,"_jetpack_memberships_contains_paywalled_content":false,"_jetpack_memberships_contains_paid_content":false,"footnotes":""},"categories":[145,11],"tags":[69,4474,3592,4124,4123,13,6231,6230],"class_list":["post-71757","post","type-post","status-publish","format-standard","has-post-thumbnail","hentry","category-articles","category-in-six","tag-article","tag-assistant-editor","tag-blog","tag-elena-bubelich","tag-inalj-quebec","tag-interview","tag-josiane-doucet-alarie","tag-natalie-bissonnette"],"jetpack_featured_media_url":"https:\/\/inalj.com\/wp-content\/uploads\/2014\/05\/josiane-1.jpg","jetpack_shortlink":"https:\/\/wp.me\/p1WoMK-iFn","jetpack_sharing_enabled":true,"_links":{"self":[{"href":"https:\/\/inalj.com\/index.php?rest_route=\/wp\/v2\/posts\/71757","targetHints":{"allow":["GET"]}}],"collection":[{"href":"https:\/\/inalj.com\/index.php?rest_route=\/wp\/v2\/posts"}],"about":[{"href":"https:\/\/inalj.com\/index.php?rest_route=\/wp\/v2\/types\/post"}],"author":[{"embeddable":true,"href":"https:\/\/inalj.com\/index.php?rest_route=\/wp\/v2\/users\/9"}],"replies":[{"embeddable":true,"href":"https:\/\/inalj.com\/index.php?rest_route=%2Fwp%2Fv2%2Fcomments&post=71757"}],"version-history":[{"count":0,"href":"https:\/\/inalj.com\/index.php?rest_route=\/wp\/v2\/posts\/71757\/revisions"}],"wp:featuredmedia":[{"embeddable":true,"href":"https:\/\/inalj.com\/index.php?rest_route=\/wp\/v2\/media\/71943"}],"wp:attachment":[{"href":"https:\/\/inalj.com\/index.php?rest_route=%2Fwp%2Fv2%2Fmedia&parent=71757"}],"wp:term":[{"taxonomy":"category","embeddable":true,"href":"https:\/\/inalj.com\/index.php?rest_route=%2Fwp%2Fv2%2Fcategories&post=71757"},{"taxonomy":"post_tag","embeddable":true,"href":"https:\/\/inalj.com\/index.php?rest_route=%2Fwp%2Fv2%2Ftags&post=71757"}],"curies":[{"name":"wp","href":"https:\/\/api.w.org\/{rel}","templated":true}]}}